{"id":2637,"date":"2026-01-12T15:16:00","date_gmt":"2026-01-12T14:16:00","guid":{"rendered":"https:\/\/greenwayvan.net\/15-coisas-para-ver-na-ilha-de-arousa\/"},"modified":"2022-07-26T08:54:59","modified_gmt":"2022-07-26T08:54:59","slug":"15-coisas-para-ver-na-ilha-de-arousa","status":"publish","type":"post","link":"https:\/\/greenwayvan.net\/pt-pt\/15-coisas-para-ver-na-ilha-de-arousa\/","title":{"rendered":"15 coisas para ver na ilha de Arousa"},"content":{"rendered":"\t\t<div data-elementor-type=\"wp-post\" data-elementor-id=\"2637\" class=\"elementor elementor-2637 elementor-1397\">\n\t\t\t\t\t\t\t\t\t<section class=\"elementor-section elementor-top-section elementor-element elementor-element-1ffd6904 elementor-section-full_width elementor-section-height-default elementor-section-height-default\" data-id=\"1ffd6904\" data-element_type=\"section\" data-settings=\"{&quot;background_background&quot;:&quot;gradient&quot;}\">\n\t\t\t\t\t\t<div class=\"elementor-container elementor-column-gap-no\">\n\t\t\t\t\t<div class=\"elementor-column elementor-col-100 elementor-top-column elementor-element elementor-element-771809b1\" data-id=\"771809b1\" data-element_type=\"column\">\n\t\t\t<div class=\"elementor-widget-wrap elementor-element-populated\">\n\t\t\t\t\t\t\t\t<div class=\"elementor-element elementor-element-af34564 elementor-widget elementor-widget-text-editor\" data-id=\"af34564\" data-element_type=\"widget\" data-widget_type=\"text-editor.default\">\n\t\t\t\t<div class=\"elementor-widget-container\">\n\t\t\t<style>\/*! elementor - v3.12.1 - 02-04-2023 *\/\n.elementor-widget-text-editor.elementor-drop-cap-view-stacked .elementor-drop-cap{background-color:#69727d;color:#fff}.elementor-widget-text-editor.elementor-drop-cap-view-framed .elementor-drop-cap{color:#69727d;border:3px solid;background-color:transparent}.elementor-widget-text-editor:not(.elementor-drop-cap-view-default) .elementor-drop-cap{margin-top:8px}.elementor-widget-text-editor:not(.elementor-drop-cap-view-default) .elementor-drop-cap-letter{width:1em;height:1em}.elementor-widget-text-editor .elementor-drop-cap{float:left;text-align:center;line-height:1;font-size:50px}.elementor-widget-text-editor .elementor-drop-cap-letter{display:inline-block}<\/style>\t\t\t\t<p align=\"JUSTIFY\"><span style=\"color: #000000;\"><span style=\"font-family: Raleway, serif;\">Hoy os mostramos algunos de los imprescindibles de la Isla de Arousa. Una isla con mucho encanto y mucho que ver.<\/span><\/span><\/p><p align=\"JUSTIFY\"><span style=\"color: #000000;\"><span style=\"font-family: Raleway, serif;\">La Isla de Arosa <\/span><\/span><span style=\"color: #000000;\"><span style=\"font-family: Raleway, serif;\"><b>es la isla m\u00e1s poblada de Galicia<\/b><\/span><\/span><span style=\"color: #000000;\"><span style=\"font-family: Raleway, serif;\">, est\u00e1 situada en la comarca del Saln\u00e9s, en la <\/span><\/span><span style=\"color: #000000;\"><span style=\"font-family: Raleway, serif;\"><b>R\u00eda de Arosa<\/b><\/span><\/span><span style=\"color: #000000;\"><span style=\"font-family: Raleway, serif;\">, y aunque la Isla de la Toja es la que se lleva la fama, nos vas a agradecer que te hayamos recomendado este otro para\u00edso gallego.<\/span><\/span><\/p><p align=\"JUSTIFY\"><span style=\"color: #000000;\"><span style=\"font-family: Raleway, serif;\"><b>Nuestro consejo es que si puedes lo visites en temporada baja<\/b><\/span><\/span><span style=\"color: #000000;\"><span style=\"font-family: Raleway, serif;\">. Y si es imposible al menos intenta evitar<\/span><\/span> <span style=\"color: #000000;\"><span style=\"font-family: Raleway, serif;\"><b> los fines de semana los meses de julio y agosto<\/b><\/span><\/span><span style=\"color: #000000;\"><span style=\"font-family: Raleway, serif;\">. <\/span><\/span> <\/p>\t\t\t\t\t\t<\/div>\n\t\t\t\t<\/div>\n\t\t\t\t\t<\/div>\n\t\t<\/div>\n\t\t\t\t\t\t\t<\/div>\n\t\t<\/section>\n\t\t\t\t<section class=\"elementor-section elementor-top-section elementor-element elementor-element-e490f16 elementor-section-boxed elementor-section-height-default elementor-section-height-default\" data-id=\"e490f16\" data-element_type=\"section\">\n\t\t\t\t\t\t<div class=\"elementor-container elementor-column-gap-default\">\n\t\t\t\t\t<div class=\"elementor-column elementor-col-100 elementor-top-column elementor-element elementor-element-ce5074b\" data-id=\"ce5074b\" data-element_type=\"column\">\n\t\t\t<div class=\"elementor-widget-wrap elementor-element-populated\">\n\t\t\t\t\t\t\t\t<div class=\"elementor-element elementor-element-4a6ea62 elementor-widget elementor-widget-accordion\" data-id=\"4a6ea62\" data-element_type=\"widget\" data-widget_type=\"accordion.default\">\n\t\t\t\t<div class=\"elementor-widget-container\">\n\t\t\t<style>\/*! elementor - v3.12.1 - 02-04-2023 *\/\n.elementor-accordion{text-align:left}.elementor-accordion .elementor-accordion-item{border:1px solid #d5d8dc}.elementor-accordion .elementor-accordion-item+.elementor-accordion-item{border-top:none}.elementor-accordion .elementor-tab-title{margin:0;padding:15px 20px;font-weight:700;line-height:1;cursor:pointer;outline:none}.elementor-accordion .elementor-tab-title .elementor-accordion-icon{display:inline-block;width:1.5em}.elementor-accordion .elementor-tab-title .elementor-accordion-icon svg{width:1em;height:1em}.elementor-accordion .elementor-tab-title .elementor-accordion-icon.elementor-accordion-icon-right{float:right;text-align:right}.elementor-accordion .elementor-tab-title .elementor-accordion-icon.elementor-accordion-icon-left{float:left;text-align:left}.elementor-accordion .elementor-tab-title .elementor-accordion-icon .elementor-accordion-icon-closed{display:block}.elementor-accordion .elementor-tab-title .elementor-accordion-icon .elementor-accordion-icon-opened,.elementor-accordion .elementor-tab-title.elementor-active .elementor-accordion-icon-closed{display:none}.elementor-accordion .elementor-tab-title.elementor-active .elementor-accordion-icon-opened{display:block}.elementor-accordion .elementor-tab-content{display:none;padding:15px 20px;border-top:1px solid #d5d8dc}@media (max-width:767px){.elementor-accordion .elementor-tab-title{padding:12px 15px}.elementor-accordion .elementor-tab-title .elementor-accordion-icon{width:1.2em}.elementor-accordion .elementor-tab-content{padding:7px 15px}}.e-con-inner>.elementor-widget-accordion,.e-con>.elementor-widget-accordion{width:var(--container-widget-width);--flex-grow:var(--container-widget-flex-grow)}<\/style>\t\t<div class=\"elementor-accordion\" role=\"tablist\">\n\t\t\t\t\t\t\t<div class=\"elementor-accordion-item\">\n\t\t\t\t\t<div id=\"elementor-tab-title-7801\" class=\"elementor-tab-title\" data-tab=\"1\" role=\"tab\" aria-controls=\"elementor-tab-content-7801\" aria-expanded=\"false\">\n\t\t\t\t\t\t\t\t\t\t\t\t\t<span class=\"elementor-accordion-icon elementor-accordion-icon-left\" aria-hidden=\"true\">\n\t\t\t\t\t\t\t\t\t\t\t\t\t\t\t<span class=\"elementor-accordion-icon-closed\"><i class=\"fas fa-plus\"><\/i><\/span>\n\t\t\t\t\t\t\t\t<span class=\"elementor-accordion-icon-opened\"><i class=\"fas fa-minus\"><\/i><\/span>\n\t\t\t\t\t\t\t\t\t\t\t\t\t\t<\/span>\n\t\t\t\t\t\t\t\t\t\t\t\t<a class=\"elementor-accordion-title\" href=\"\">1. Cruza uno de los puentes m\u00e1s largos de Europa<\/a>\n\t\t\t\t\t<\/div>\n\t\t\t\t\t<div id=\"elementor-tab-content-7801\" class=\"elementor-tab-content elementor-clearfix\" data-tab=\"1\" role=\"tabpanel\" aria-labelledby=\"elementor-tab-title-7801\"><p align=\"JUSTIFY\"><span style=\"color: #000000;\"><span style=\"font-family: Raleway, serif;\">Para acceder a la isla tienes que cruzar uno de los puentes m\u00e1s largos <\/span><\/span><span style=\"color: #000000;\"><span style=\"font-family: Raleway, serif;\"><b>de Galicia y uno de los m\u00e1s largos de Europa<\/b><\/span><\/span><span style=\"color: #000000;\"><span style=\"font-family: Raleway, serif;\">. \u00a1Mide 2 kil\u00f3metros! <\/span><\/span><span style=\"color: #000000;\"><span style=\"font-family: Raleway, serif;\"><b>Se construy\u00f3 en 1985<\/b><\/span><\/span><span style=\"color: #000000;\"><span style=\"font-family: Raleway, serif;\"> y le vino genial a la Illa de Arousa para estar conectada a tierra, porque antes solo se pod\u00eda llegar a ella en por mar.<\/span><\/span><\/p><\/div>\n\t\t\t\t<\/div>\n\t\t\t\t\t\t\t<div class=\"elementor-accordion-item\">\n\t\t\t\t\t<div id=\"elementor-tab-title-7802\" class=\"elementor-tab-title\" data-tab=\"2\" role=\"tab\" aria-controls=\"elementor-tab-content-7802\" aria-expanded=\"false\">\n\t\t\t\t\t\t\t\t\t\t\t\t\t<span class=\"elementor-accordion-icon elementor-accordion-icon-left\" aria-hidden=\"true\">\n\t\t\t\t\t\t\t\t\t\t\t\t\t\t\t<span class=\"elementor-accordion-icon-closed\"><i class=\"fas fa-plus\"><\/i><\/span>\n\t\t\t\t\t\t\t\t<span class=\"elementor-accordion-icon-opened\"><i class=\"fas fa-minus\"><\/i><\/span>\n\t\t\t\t\t\t\t\t\t\t\t\t\t\t<\/span>\n\t\t\t\t\t\t\t\t\t\t\t\t<a class=\"elementor-accordion-title\" href=\"\">2. Recorre sus cuatro puertos<\/a>\n\t\t\t\t\t<\/div>\n\t\t\t\t\t<div id=\"elementor-tab-content-7802\" class=\"elementor-tab-content elementor-clearfix\" data-tab=\"2\" role=\"tabpanel\" aria-labelledby=\"elementor-tab-title-7802\"><p><span style=\"color: #000000;\"><span style=\"font-family: Raleway, serif;\"><b>El Puerto de Xufre, el m\u00e1s importante de A Illa de Arousa<\/b><\/span><\/span><\/p><p align=\"JUSTIFY\"><span style=\"color: #000000;\"><span style=\"font-family: Raleway, serif;\">Es el puerto con m\u00e1s actividad de la isla ya que es donde est\u00e1 situada la lonja. All\u00ed se hacen<\/span><\/span><b> <\/b><span style=\"color: #000000;\"><span style=\"font-family: Raleway, serif;\">las subastas de pescado y marisco. <\/span><\/span><\/p><p><span style=\"color: #000000;\"><span style=\"font-family: Raleway, serif;\"><b>El Puerto de la Ribeira do Chazo<\/b><\/span><\/span><\/p><p align=\"JUSTIFY\"><span style=\"color: #000000;\"><span style=\"font-family: Raleway, serif;\">Tambi\u00e9n se le conoce como el Puerto de O Campo. Es uno de los puertos secundarios de la Isla de Arosa y sirve para el amarre de embarcaciones o descarga de pescado y otras artes menores de pesca<\/span><\/span><span style=\"color: #000000;\"><span style=\"font-family: Raleway, serif;\">.<\/span><\/span><\/p><p><span style=\"color: #000000;\"><span style=\"font-family: Raleway, serif;\"><b>El Puerto do Cabodeiro<\/b><\/span><\/span><\/p><p align=\"JUSTIFY\"><span style=\"color: #000000;\"><span style=\"font-family: Raleway, serif;\">Es otro de los puertos secundarios de A Illa de Arousa en el que se amarran embarcaciones o se descargan otras artes menores de pesca. Est\u00e1 situado entre la Playa da Sapeira y la de Cabodeiro, en una zona refugiada de los vientos y temporales.<\/span><\/span><\/p><p><span style=\"color: #000000;\"><span style=\"font-family: Raleway, serif;\"><b>El Puerto del Naval<\/b><\/span><\/span><\/p><p align=\"JUSTIFY\"><span style=\"color: #000000;\"><span style=\"font-family: Raleway, serif;\">Este puerto comparte ensenada con el Puerto de O Xufre y solo se emplea para el atraque de embarcaciones . Est\u00e1 situado en el Paseo de O Canti\u00f1o, al ladito de la Virgen del Carmen.<\/span><\/span><\/p><\/div>\n\t\t\t\t<\/div>\n\t\t\t\t\t\t\t<div class=\"elementor-accordion-item\">\n\t\t\t\t\t<div id=\"elementor-tab-title-7803\" class=\"elementor-tab-title\" data-tab=\"3\" role=\"tab\" aria-controls=\"elementor-tab-content-7803\" aria-expanded=\"false\">\n\t\t\t\t\t\t\t\t\t\t\t\t\t<span class=\"elementor-accordion-icon elementor-accordion-icon-left\" aria-hidden=\"true\">\n\t\t\t\t\t\t\t\t\t\t\t\t\t\t\t<span class=\"elementor-accordion-icon-closed\"><i class=\"fas fa-plus\"><\/i><\/span>\n\t\t\t\t\t\t\t\t<span class=\"elementor-accordion-icon-opened\"><i class=\"fas fa-minus\"><\/i><\/span>\n\t\t\t\t\t\t\t\t\t\t\t\t\t\t<\/span>\n\t\t\t\t\t\t\t\t\t\t\t\t<a class=\"elementor-accordion-title\" href=\"\">3. Recorre el Paseo Mar\u00edtimo do Canti\u00f1o<\/a>\n\t\t\t\t\t<\/div>\n\t\t\t\t\t<div id=\"elementor-tab-content-7803\" class=\"elementor-tab-content elementor-clearfix\" data-tab=\"3\" role=\"tabpanel\" aria-labelledby=\"elementor-tab-title-7803\"><p align=\"JUSTIFY\"><span style=\"color: #000000;\"><span style=\"font-family: Raleway, serif;\">El Paseo Mar\u00edtimo de A Illa de Arousa sale desde el Puerto de Xufre. Desde el paseo puedes disfrutar de las vistas de la r\u00eda y los barquitos.<\/span><\/span><\/p><\/div>\n\t\t\t\t<\/div>\n\t\t\t\t\t\t\t<div class=\"elementor-accordion-item\">\n\t\t\t\t\t<div id=\"elementor-tab-title-7804\" class=\"elementor-tab-title\" data-tab=\"4\" role=\"tab\" aria-controls=\"elementor-tab-content-7804\" aria-expanded=\"false\">\n\t\t\t\t\t\t\t\t\t\t\t\t\t<span class=\"elementor-accordion-icon elementor-accordion-icon-left\" aria-hidden=\"true\">\n\t\t\t\t\t\t\t\t\t\t\t\t\t\t\t<span class=\"elementor-accordion-icon-closed\"><i class=\"fas fa-plus\"><\/i><\/span>\n\t\t\t\t\t\t\t\t<span class=\"elementor-accordion-icon-opened\"><i class=\"fas fa-minus\"><\/i><\/span>\n\t\t\t\t\t\t\t\t\t\t\t\t\t\t<\/span>\n\t\t\t\t\t\t\t\t\t\t\t\t<a class=\"elementor-accordion-title\" href=\"\">4. Contempla a la Virgen del Carmen<\/a>\n\t\t\t\t\t<\/div>\n\t\t\t\t\t<div id=\"elementor-tab-content-7804\" class=\"elementor-tab-content elementor-clearfix\" data-tab=\"4\" role=\"tabpanel\" aria-labelledby=\"elementor-tab-title-7804\"><p align=\"JUSTIFY\"><span style=\"color: #000000;\"><span style=\"font-family: Raleway, serif;\">En medio del Paseo Mar\u00edtimo de O Canti\u00f1o hay una virgen de casi 3 metros de altura. No siempre estuvo all\u00ed, su primera ubicaci\u00f3n fue el Puerto de Xufre, donde la instalaron en el a\u00f1o 1984, pero despu\u00e9s decidieron ubicarla en este otro rinconcito de la isla. La Virgen del Carmen es muy importante para los isle\u00f1os, <\/span><\/span><span style=\"color: #000000;\"><span style=\"font-family: Raleway, serif;\"><b>es la patrona de los marineros<\/b><\/span><\/span><span style=\"color: #000000;\"><span style=\"font-family: Raleway, serif;\">, y en A Illa de Arousa\u2026 \u00a1hay unos cuantos!<\/span><\/span><\/p><\/div>\n\t\t\t\t<\/div>\n\t\t\t\t\t\t\t<div class=\"elementor-accordion-item\">\n\t\t\t\t\t<div id=\"elementor-tab-title-7805\" class=\"elementor-tab-title\" data-tab=\"5\" role=\"tab\" aria-controls=\"elementor-tab-content-7805\" aria-expanded=\"false\">\n\t\t\t\t\t\t\t\t\t\t\t\t\t<span class=\"elementor-accordion-icon elementor-accordion-icon-left\" aria-hidden=\"true\">\n\t\t\t\t\t\t\t\t\t\t\t\t\t\t\t<span class=\"elementor-accordion-icon-closed\"><i class=\"fas fa-plus\"><\/i><\/span>\n\t\t\t\t\t\t\t\t<span class=\"elementor-accordion-icon-opened\"><i class=\"fas fa-minus\"><\/i><\/span>\n\t\t\t\t\t\t\t\t\t\t\t\t\t\t<\/span>\n\t\t\t\t\t\t\t\t\t\t\t\t<a class=\"elementor-accordion-title\" href=\"\">5. Disfruta de sus impresionantes playas<\/a>\n\t\t\t\t\t<\/div>\n\t\t\t\t\t<div id=\"elementor-tab-content-7805\" class=\"elementor-tab-content elementor-clearfix\" data-tab=\"5\" role=\"tabpanel\" aria-labelledby=\"elementor-tab-title-7805\"><p align=\"JUSTIFY\"><span style=\"color: #000000;\"><span style=\"font-family: Raleway, serif;\">Sin duda sus playas de arena blanca son uno de los principales atractivos tur\u00edsticos de la isla<\/span><\/span><span style=\"color: #000000;\"><span style=\"font-family: Raleway, serif;\">. <\/span><\/span><span style=\"color: #000000;\"><span style=\"font-family: Raleway, serif;\">Son dignas de una postal del Caribe, eso s\u00ed, con el agua fresquita. <\/span><\/span> <\/p><p align=\"JUSTIFY\"><span style=\"color: #000000;\"><span style=\"font-family: Raleway, serif;\">En la Isla de Arosa <\/span><\/span><span style=\"color: #000000;\"><span style=\"font-family: Raleway, serif;\"><b>puedes disfrutar<\/b><\/span><\/span><span style=\"color: #000000;\"><span style=\"font-family: Raleway, serif;\">, ni m\u00e1s ni menos, que <\/span><\/span><span style=\"color: #000000;\"><span style=\"font-family: Raleway, serif;\"><b>de unas 80 playas<\/b><\/span><\/span><span style=\"color: #000000;\"><span style=\"font-family: Raleway, serif;\">. As\u00ed que tienes donde elegir.<\/span><\/span><\/p><p align=\"JUSTIFY\"><span style=\"color: #000000;\"><span style=\"font-family: Raleway, serif;\">Aunque no haga d\u00eda para ir a la playa <\/span><\/span><span style=\"color: #000000;\"><span style=\"font-family: Raleway, serif;\">nuestro<\/span><\/span><span style=\"color: #000000;\"><span style=\"font-family: Raleway, serif;\"><b> consejo es que te des un pase\u00edto para conocerlas<\/b><\/span><\/span><span style=\"color: #000000;\"><span style=\"font-family: Raleway, serif;\">. Aunque no tomes el sol siempre puedes fardar de viaje en Instagram.<\/span><\/span><\/p><\/div>\n\t\t\t\t<\/div>\n\t\t\t\t\t\t\t<div class=\"elementor-accordion-item\">\n\t\t\t\t\t<div id=\"elementor-tab-title-7806\" class=\"elementor-tab-title\" data-tab=\"6\" role=\"tab\" aria-controls=\"elementor-tab-content-7806\" aria-expanded=\"false\">\n\t\t\t\t\t\t\t\t\t\t\t\t\t<span class=\"elementor-accordion-icon elementor-accordion-icon-left\" aria-hidden=\"true\">\n\t\t\t\t\t\t\t\t\t\t\t\t\t\t\t<span class=\"elementor-accordion-icon-closed\"><i class=\"fas fa-plus\"><\/i><\/span>\n\t\t\t\t\t\t\t\t<span class=\"elementor-accordion-icon-opened\"><i class=\"fas fa-minus\"><\/i><\/span>\n\t\t\t\t\t\t\t\t\t\t\t\t\t\t<\/span>\n\t\t\t\t\t\t\t\t\t\t\t\t<a class=\"elementor-accordion-title\" href=\"\">6. Recorre los senderos naturales de A Illa de Arousa<\/a>\n\t\t\t\t\t<\/div>\n\t\t\t\t\t<div id=\"elementor-tab-content-7806\" class=\"elementor-tab-content elementor-clearfix\" data-tab=\"6\" role=\"tabpanel\" aria-labelledby=\"elementor-tab-title-7806\"><p align=\"JUSTIFY\"><span style=\"color: #000000;\"><span style=\"font-family: Raleway, serif;\">Una de las mejores cosas que puedes hacer en la Isla de Arosa es recorrerla disfrutando de sus paisajes. Para esto hay varias que te permitir\u00e1n conocerla sin da\u00f1ar su ecosistema.<\/span><\/span><\/p><p align=\"JUSTIFY\"><span style=\"color: #000000;\"><span style=\"font-family: Raleway, serif;\"><b>El Paseo de la Costa de la Isla de Arosa<\/b><\/span><\/span><\/p><p align=\"JUSTIFY\"><span style=\"color: #000000;\"><span style=\"font-family: Raleway, serif;\">Recorre la isla bordeando su costa. Te enamorar\u00e1. Puedes empezarlo nada m\u00e1s pasar el puente que da acceso a la isla, en la Playa de O Bao y bordearla pasando por sus playas. La ruta supera los 20 kil\u00f3metros y es sencillita porque no tiene desniveles.<\/span><\/span><\/p><p><span style=\"color: #000000;\"><span style=\"font-family: Raleway, serif;\"><b>El Paseo de Area da Secada<\/b><\/span><\/span><\/p><p align=\"JUSTIFY\"><span style=\"color: #000000;\"><span style=\"font-family: Raleway, serif;\">Desde la Playa de Area da Secada hay un sendero muy chulo que te lleva a trav\u00e9s de unas pasarelas de madera hasta Ni\u00f1o do Corvo por la costa.<\/span><\/span><\/p><p align=\"JUSTIFY\"><span style=\"color: #000000;\"><span style=\"font-family: Raleway, serif;\">Disfruta desde all\u00ed de las vistas del Islote de Areoso y Pedregoso y de la zona de O Barbanza.<\/span><\/span><\/p><p><span style=\"color: #000000;\"><span style=\"font-family: Raleway, serif;\"><b>La senda perimetral del Bao \u2013 Xastelas<\/b><\/span><\/span><\/p><p align=\"JUSTIFY\"><span style=\"color: #000000;\"><span style=\"font-family: Raleway, serif;\">La senda no es circular y tiene una distancia de 1,3 kil\u00f3metros, pero si tienes ganas de seguir caminando puedes hacer un recorrido adicional a\u00f1adi\u00e9ndole la senda del Parque Natural de O Carreir\u00f3n. El paseo bordea toda la Playa de O Bao, en el sur de la isla.<\/span><\/span><\/p><p><span style=\"color: #000000;\"><span style=\"font-family: Raleway, serif;\"><b>El Paseo de O Campo<\/b><\/span><\/span><\/p><p align=\"JUSTIFY\"><span style=\"color: #000000;\"><span style=\"font-family: Raleway, serif;\">Parte de A Carbonera, donde se encuentra el antiguo Muelle de Pau y nos lleva hasta la Plaza de O Regueiro. Tiene una longitud de 800 metros.<\/span><\/span><\/p><p><span style=\"color: #000000;\"><span style=\"font-family: Raleway, serif;\"><b>El Sendero de Os Pilros<\/b><\/span><\/span><\/p><p align=\"JUSTIFY\"><span style=\"color: #000000;\"><span style=\"font-family: Raleway, serif;\">Sin duda nuestro favorito. A trav\u00e9s del Sendero de Os Pilros puedes recorrerte el Parque Natural de O Carreir\u00f3n, un sitio muy muy chulo que tienes que ver en A Illa de Arousa. Si te gustan los p\u00e1jaros rec\u00f3rrelo en primavera, la \u00e9poca en la que llegan las aves migratorias.<\/span><\/span><\/p><\/div>\n\t\t\t\t<\/div>\n\t\t\t\t\t\t\t<div class=\"elementor-accordion-item\">\n\t\t\t\t\t<div id=\"elementor-tab-title-7807\" class=\"elementor-tab-title\" data-tab=\"7\" role=\"tab\" aria-controls=\"elementor-tab-content-7807\" aria-expanded=\"false\">\n\t\t\t\t\t\t\t\t\t\t\t\t\t<span class=\"elementor-accordion-icon elementor-accordion-icon-left\" aria-hidden=\"true\">\n\t\t\t\t\t\t\t\t\t\t\t\t\t\t\t<span class=\"elementor-accordion-icon-closed\"><i class=\"fas fa-plus\"><\/i><\/span>\n\t\t\t\t\t\t\t\t<span class=\"elementor-accordion-icon-opened\"><i class=\"fas fa-minus\"><\/i><\/span>\n\t\t\t\t\t\t\t\t\t\t\t\t\t\t<\/span>\n\t\t\t\t\t\t\t\t\t\t\t\t<a class=\"elementor-accordion-title\" href=\"\">7. Sube al Mirador de Arosa <\/a>\n\t\t\t\t\t<\/div>\n\t\t\t\t\t<div id=\"elementor-tab-content-7807\" class=\"elementor-tab-content elementor-clearfix\" data-tab=\"7\" role=\"tabpanel\" aria-labelledby=\"elementor-tab-title-7807\"><p align=\"JUSTIFY\"><span style=\"color: #000000;\"><span style=\"font-family: Raleway, serif;\">En el <\/span><\/span><span style=\"color: #000000;\"><span style=\"font-family: Raleway, serif;\"><b>Mirador de O Con do Forno<\/b><\/span><\/span><span style=\"color: #000000;\"><span style=\"font-family: Raleway, serif;\">, tambi\u00e9n conocido como el <\/span><\/span><span style=\"color: #000000;\"><span style=\"font-family: Raleway, serif;\"><b>Mirador de O Santo<\/b><\/span><\/span><span style=\"color: #000000;\"><span style=\"font-family: Raleway, serif;\">. Es el punto m\u00e1s alto del municipio as\u00ed que tendr\u00e1s las mejores vistas de la isla y podr\u00f1as contemplar O Grove<\/span><\/span><span style=\"color: #000000;\"><span style=\"font-family: Raleway, serif;\">.<\/span><\/span><\/p><p align=\"JUSTIFY\"><strong><span style=\"color: #000000;\"><span style=\"font-family: Raleway, serif;\">Arriba <\/span><\/span><\/strong><span style=\"color: #000000;\"><span style=\"font-family: Raleway, serif;\"><b>del todo<\/b><\/span><\/span> <span style=\"color: #000000;\"><span style=\"font-family: Raleway, serif;\"><b>puedes saludar a la escultura del Coraz\u00f3n de Jes\u00fas<\/b><\/span><\/span><span style=\"color: #000000;\"><span style=\"font-family: Raleway, serif;\">, de ah\u00ed el nombre de el Mirador de El Santo. Lleva vigilando la Isla desde el a\u00f1o 1962.<\/span><\/span><\/p><\/div>\n\t\t\t\t<\/div>\n\t\t\t\t\t\t\t<div class=\"elementor-accordion-item\">\n\t\t\t\t\t<div id=\"elementor-tab-title-7808\" class=\"elementor-tab-title\" data-tab=\"8\" role=\"tab\" aria-controls=\"elementor-tab-content-7808\" aria-expanded=\"false\">\n\t\t\t\t\t\t\t\t\t\t\t\t\t<span class=\"elementor-accordion-icon elementor-accordion-icon-left\" aria-hidden=\"true\">\n\t\t\t\t\t\t\t\t\t\t\t\t\t\t\t<span class=\"elementor-accordion-icon-closed\"><i class=\"fas fa-plus\"><\/i><\/span>\n\t\t\t\t\t\t\t\t<span class=\"elementor-accordion-icon-opened\"><i class=\"fas fa-minus\"><\/i><\/span>\n\t\t\t\t\t\t\t\t\t\t\t\t\t\t<\/span>\n\t\t\t\t\t\t\t\t\t\t\t\t<a class=\"elementor-accordion-title\" href=\"\">8. Enam\u00f3rate del Faro de Punta Cabalo<\/a>\n\t\t\t\t\t<\/div>\n\t\t\t\t\t<div id=\"elementor-tab-content-7808\" class=\"elementor-tab-content elementor-clearfix\" data-tab=\"8\" role=\"tabpanel\" aria-labelledby=\"elementor-tab-title-7808\"><p align=\"JUSTIFY\"><span style=\"color: #000000;\"><span style=\"font-family: Raleway, serif;\">Se construy\u00f3 en el a\u00f1o 1852 y se encendi\u00f3 por primera vez un a\u00f1o m\u00e1s tarde. En el a\u00f1o 1924 se automatiz\u00f3, as\u00ed que desde ese momento <\/span><\/span><span style=\"color: #000000;\"><span style=\"font-family: Raleway, serif;\"><b>ya no hay fareros en \u00e9l<\/b><\/span><\/span><span style=\"color: #000000;\"><span style=\"font-family: Raleway, serif;\"> . <\/span><\/span><span style=\"color: #000000;\"><span style=\"font-family: Raleway, serif;\"><b>Ahora puedes comer en \u00e9l<\/b><\/span><\/span><span style=\"color: #000000;\"><span style=\"font-family: Raleway, serif;\">, porque lo han reconvertido en restaurante y atenci\u00f3n porque <\/span><\/span><span style=\"color: #000000;\"><span style=\"font-family: Raleway, serif;\"><b>su terracita es una maravilla<\/b><\/span><\/span><span style=\"color: #000000;\"><span style=\"font-family: Raleway, serif;\">.<\/span><\/span><\/p><p align=\"JUSTIFY\"><span style=\"color: #000000;\"><span style=\"font-family: Raleway, serif;\">\u00bfSabes por qu\u00e9 recibe el nombre de Punta Cabalo? Pues porque <\/span><\/span><span style=\"color: #000000;\"><span style=\"font-family: Raleway, serif;\"><b>en esta zona hay una colonia de caballitos de mar<\/b><\/span><\/span><span style=\"color: #000000;\"><span style=\"font-family: Raleway, serif;\">. <\/span><\/span> <\/p><p align=\"JUSTIFY\"><span style=\"color: #000000;\"><span style=\"font-family: Raleway, serif;\">Si quieres una puesta de sol de postal, el Faro de Punta Cabalo <\/span><\/span><span style=\"color: #000000;\"><span style=\"font-family: Raleway, serif;\"><b>es el sitio ideal para ver el atardecer en la Isla de Arousa. <\/b><\/span><\/span> <\/p><\/div>\n\t\t\t\t<\/div>\n\t\t\t\t\t\t\t<div class=\"elementor-accordion-item\">\n\t\t\t\t\t<div id=\"elementor-tab-title-7809\" class=\"elementor-tab-title\" data-tab=\"9\" role=\"tab\" aria-controls=\"elementor-tab-content-7809\" aria-expanded=\"false\">\n\t\t\t\t\t\t\t\t\t\t\t\t\t<span class=\"elementor-accordion-icon elementor-accordion-icon-left\" aria-hidden=\"true\">\n\t\t\t\t\t\t\t\t\t\t\t\t\t\t\t<span class=\"elementor-accordion-icon-closed\"><i class=\"fas fa-plus\"><\/i><\/span>\n\t\t\t\t\t\t\t\t<span class=\"elementor-accordion-icon-opened\"><i class=\"fas fa-minus\"><\/i><\/span>\n\t\t\t\t\t\t\t\t\t\t\t\t\t\t<\/span>\n\t\t\t\t\t\t\t\t\t\t\t\t<a class=\"elementor-accordion-title\" href=\"\">9. Conoce la historia de las bateas<\/a>\n\t\t\t\t\t<\/div>\n\t\t\t\t\t<div id=\"elementor-tab-content-7809\" class=\"elementor-tab-content elementor-clearfix\" data-tab=\"9\" role=\"tabpanel\" aria-labelledby=\"elementor-tab-title-7809\"><p align=\"JUSTIFY\"><span style=\"color: #000000;\"><span style=\"font-family: Raleway, serif;\"><b>\u00bfSabes lo que son las bateas?<\/b><\/span><\/span><span style=\"color: #000000;\"><span style=\"font-family: Raleway, serif;\"> Son unas estructuras de madera que hay en medio de las r\u00edas para cultivar mejillones. <\/span><\/span><span style=\"color: #000000;\"><span style=\"font-family: Raleway, serif;\"><b>De ellas cuelgan unas cuerdas que se sumergen en la r\u00eda y en las que se cultivan los moluscos<\/b><\/span><\/span><span style=\"color: #000000;\"><span style=\"font-family: Raleway, serif;\">. Si quieres conocer c\u00f3mo funcionan y c\u00f3mo se trabajan <\/span><\/span><span style=\"color: #000000;\"><span style=\"font-family: Raleway, serif;\"><b>hay varias empresas que ofrecen excusiones a las bateas con degustaci\u00f3n.<\/b><\/span><\/span><\/p><\/div>\n\t\t\t\t<\/div>\n\t\t\t\t\t\t\t<div class=\"elementor-accordion-item\">\n\t\t\t\t\t<div id=\"elementor-tab-title-78010\" class=\"elementor-tab-title\" data-tab=\"10\" role=\"tab\" aria-controls=\"elementor-tab-content-78010\" aria-expanded=\"false\">\n\t\t\t\t\t\t\t\t\t\t\t\t\t<span class=\"elementor-accordion-icon elementor-accordion-icon-left\" aria-hidden=\"true\">\n\t\t\t\t\t\t\t\t\t\t\t\t\t\t\t<span class=\"elementor-accordion-icon-closed\"><i class=\"fas fa-plus\"><\/i><\/span>\n\t\t\t\t\t\t\t\t<span class=\"elementor-accordion-icon-opened\"><i class=\"fas fa-minus\"><\/i><\/span>\n\t\t\t\t\t\t\t\t\t\t\t\t\t\t<\/span>\n\t\t\t\t\t\t\t\t\t\t\t\t<a class=\"elementor-accordion-title\" href=\"\">10. Atr\u00e9vete a navegar en una dorna<\/a>\n\t\t\t\t\t<\/div>\n\t\t\t\t\t<div id=\"elementor-tab-content-78010\" class=\"elementor-tab-content elementor-clearfix\" data-tab=\"10\" role=\"tabpanel\" aria-labelledby=\"elementor-tab-title-78010\"><p align=\"JUSTIFY\"><span style=\"color: #000000;\"><span style=\"font-family: Raleway, serif;\">Las dornas son barquitos que solo se mov\u00edan por su vela y los remos. D<\/span><\/span><span style=\"color: #000000;\"><span style=\"font-family: Raleway, serif;\"><b>esde los a\u00f1os 60 se ha incorporado en ellas un motor fueraborda en la zona de popa<\/b><\/span><\/span><span style=\"color: #000000;\"><span style=\"font-family: Raleway, serif;\">. F\u00edjate si son populares estas embarcaciones que <\/span><\/span><span style=\"color: #000000;\"><span style=\"font-family: Raleway, serif;\"><b>en el a\u00f1o 1978 se cre\u00f3 la Asociaci\u00f3n Cultural y Deportiva Dorna de A Illa de Arousa<\/b><\/span><\/span><span style=\"color: #000000;\"><span style=\"font-family: Raleway, serif;\">.<\/span><\/span><\/p><p align=\"JUSTIFY\"><span style=\"color: #000000;\"><span style=\"font-family: Raleway, serif;\"> <\/span><\/span><\/p><\/div>\n\t\t\t\t<\/div>\n\t\t\t\t\t\t\t<div class=\"elementor-accordion-item\">\n\t\t\t\t\t<div id=\"elementor-tab-title-78011\" class=\"elementor-tab-title\" data-tab=\"11\" role=\"tab\" aria-controls=\"elementor-tab-content-78011\" aria-expanded=\"false\">\n\t\t\t\t\t\t\t\t\t\t\t\t\t<span class=\"elementor-accordion-icon elementor-accordion-icon-left\" aria-hidden=\"true\">\n\t\t\t\t\t\t\t\t\t\t\t\t\t\t\t<span class=\"elementor-accordion-icon-closed\"><i class=\"fas fa-plus\"><\/i><\/span>\n\t\t\t\t\t\t\t\t<span class=\"elementor-accordion-icon-opened\"><i class=\"fas fa-minus\"><\/i><\/span>\n\t\t\t\t\t\t\t\t\t\t\t\t\t\t<\/span>\n\t\t\t\t\t\t\t\t\t\t\t\t<a class=\"elementor-accordion-title\" href=\"\">11. La Iglesia de San Juli\u00e1n<\/a>\n\t\t\t\t\t<\/div>\n\t\t\t\t\t<div id=\"elementor-tab-content-78011\" class=\"elementor-tab-content elementor-clearfix\" data-tab=\"11\" role=\"tabpanel\" aria-labelledby=\"elementor-tab-title-78011\"><p align=\"JUSTIFY\"><span style=\"color: #000000;\"><span style=\"font-family: Raleway, serif;\">La Iglesia de San Xuli\u00e1n <\/span><\/span><span style=\"color: #000000;\"><span style=\"font-family: Raleway, serif;\"><b>es relativamente moderna<\/b><\/span><\/span><span style=\"color: #000000;\"><span style=\"font-family: Raleway, serif;\">, se empez\u00f3 a construir en 1800 y se acab\u00f3 en 1817 . Tardaron tanto porque <\/span><\/span><span style=\"color: #000000;\"><span style=\"font-family: Raleway, serif;\"><b>en medio les pill\u00f3 la guerra contra los franceses<\/b><\/span><\/span><span style=\"color: #000000;\"><span style=\"font-family: Raleway, serif;\">. <\/span><\/span> <\/p><\/div>\n\t\t\t\t<\/div>\n\t\t\t\t\t\t\t<div class=\"elementor-accordion-item\">\n\t\t\t\t\t<div id=\"elementor-tab-title-78012\" class=\"elementor-tab-title\" data-tab=\"12\" role=\"tab\" aria-controls=\"elementor-tab-content-78012\" aria-expanded=\"false\">\n\t\t\t\t\t\t\t\t\t\t\t\t\t<span class=\"elementor-accordion-icon elementor-accordion-icon-left\" aria-hidden=\"true\">\n\t\t\t\t\t\t\t\t\t\t\t\t\t\t\t<span class=\"elementor-accordion-icon-closed\"><i class=\"fas fa-plus\"><\/i><\/span>\n\t\t\t\t\t\t\t\t<span class=\"elementor-accordion-icon-opened\"><i class=\"fas fa-minus\"><\/i><\/span>\n\t\t\t\t\t\t\t\t\t\t\t\t\t\t<\/span>\n\t\t\t\t\t\t\t\t\t\t\t\t<a class=\"elementor-accordion-title\" href=\"\">12. Las Conservas Goday<\/a>\n\t\t\t\t\t<\/div>\n\t\t\t\t\t<div id=\"elementor-tab-content-78012\" class=\"elementor-tab-content elementor-clearfix\" data-tab=\"12\" role=\"tabpanel\" aria-labelledby=\"elementor-tab-title-78012\"><p align=\"JUSTIFY\"><span style=\"color: #000000;\"><span style=\"font-family: Raleway, serif;\">La <\/span><\/span><span style=\"color: #000000;\"><span style=\"font-family: Raleway, serif;\">f\u00e1brica de Conservas Goday <\/span><\/span><span style=\"color: #000000;\"><span style=\"font-family: Raleway, serif;\"><b>fue muy importante para la Isla de Arosa y tiene una historia curiosa<\/b><\/span><\/span><span style=\"color: #000000;\"><span style=\"font-family: Raleway, serif;\">. Actualmente en su interior <\/span><\/span><span style=\"color: #000000;\"><span style=\"font-family: Raleway, serif;\"><b>alberga la Oficina de Informaci\u00f3n y Turismo<\/b><\/span><\/span><span style=\"color: #000000;\"><span style=\"font-family: Raleway, serif;\">, adem\u00e1s del <\/span><\/span><span style=\"color: #000000;\"><span style=\"font-family: Raleway, serif;\"><b>Centro de Interpretaci\u00f3n de la Conserva<\/b><\/span><\/span><span style=\"color: #000000;\"><span style=\"font-family: Raleway, serif;\">.<\/span><\/span><\/p><p align=\"JUSTIFY\"><span style=\"color: #000000;\"><span style=\"font-family: Raleway, serif;\">Conservas Goday <\/span><\/span><span style=\"color: #000000;\"><span style=\"font-family: Raleway, serif;\"><b>se fund\u00f3 en 1879<\/b><\/span><\/span><span style=\"color: #000000;\"><span style=\"font-family: Raleway, serif;\"> y durante muchos a\u00f1os dio trabajo a varias generaciones de habitantes de la isla. F<\/span><\/span><span style=\"color: #000000;\"><span style=\"font-family: Raleway, serif;\"><b>ue la primera f\u00e1brica moderna de Galicia<\/b><\/span><\/span><span style=\"color: #000000;\"><span style=\"font-family: Raleway, serif;\">. La fund\u00f3 el empresario catal\u00e1n Juan Goday. Precisamente <\/span><\/span><span style=\"color: #000000;\"><span style=\"font-family: Raleway, serif;\"><b>fueron los catalanes los que cambiaron el sistema del Cerco Real por la Xabega<\/b><\/span><\/span><span style=\"color: #000000;\"><span style=\"font-family: Raleway, serif;\">. <\/span><\/span> <\/p><p align=\"JUSTIFY\"><span style=\"color: #000000;\"><span style=\"font-family: Raleway, serif;\">\u00bfSab\u00edas que <\/span><\/span><span style=\"color: #000000;\"><span style=\"font-family: Raleway, serif;\"><b>Conservas Goday fue proveedora de la Casa Real<\/b><\/span><\/span><span style=\"color: #000000;\"><span style=\"font-family: Raleway, serif;\">? Al parecer, el rey Alfonso XII visit\u00f3 sus instalaciones en el a\u00f1o 1881 y la calidad de sus productos le dej\u00f3 impresionado.<\/span><\/span><\/p><\/div>\n\t\t\t\t<\/div>\n\t\t\t\t\t\t\t<div class=\"elementor-accordion-item\">\n\t\t\t\t\t<div id=\"elementor-tab-title-78013\" class=\"elementor-tab-title\" data-tab=\"13\" role=\"tab\" aria-controls=\"elementor-tab-content-78013\" aria-expanded=\"false\">\n\t\t\t\t\t\t\t\t\t\t\t\t\t<span class=\"elementor-accordion-icon elementor-accordion-icon-left\" aria-hidden=\"true\">\n\t\t\t\t\t\t\t\t\t\t\t\t\t\t\t<span class=\"elementor-accordion-icon-closed\"><i class=\"fas fa-plus\"><\/i><\/span>\n\t\t\t\t\t\t\t\t<span class=\"elementor-accordion-icon-opened\"><i class=\"fas fa-minus\"><\/i><\/span>\n\t\t\t\t\t\t\t\t\t\t\t\t\t\t<\/span>\n\t\t\t\t\t\t\t\t\t\t\t\t<a class=\"elementor-accordion-title\" href=\"\">13. Ac\u00e9rcate al Muelle de Pau<\/a>\n\t\t\t\t\t<\/div>\n\t\t\t\t\t<div id=\"elementor-tab-content-78013\" class=\"elementor-tab-content elementor-clearfix\" data-tab=\"13\" role=\"tabpanel\" aria-labelledby=\"elementor-tab-title-78013\"><p align=\"JUSTIFY\"><span style=\"color: #000000;\"><span style=\"font-family: Raleway, serif;\">Muy cerquita de Conservas Goday nos encontramos con <\/span><\/span><span style=\"color: #000000;\"><span style=\"font-family: Raleway, serif;\"><b>otro de los rincones que tienes que ver en A Illa de Arousa<\/b><\/span><\/span><span style=\"color: #000000;\"><span style=\"font-family: Raleway, serif;\">. La estampa sentados en una roca mirado los barquitos nos encanta. Es verdad que hay otros lugares.<\/span><\/span><\/p><\/div>\n\t\t\t\t<\/div>\n\t\t\t\t\t\t\t<div class=\"elementor-accordion-item\">\n\t\t\t\t\t<div id=\"elementor-tab-title-78014\" class=\"elementor-tab-title\" data-tab=\"14\" role=\"tab\" aria-controls=\"elementor-tab-content-78014\" aria-expanded=\"false\">\n\t\t\t\t\t\t\t\t\t\t\t\t\t<span class=\"elementor-accordion-icon elementor-accordion-icon-left\" aria-hidden=\"true\">\n\t\t\t\t\t\t\t\t\t\t\t\t\t\t\t<span class=\"elementor-accordion-icon-closed\"><i class=\"fas fa-plus\"><\/i><\/span>\n\t\t\t\t\t\t\t\t<span class=\"elementor-accordion-icon-opened\"><i class=\"fas fa-minus\"><\/i><\/span>\n\t\t\t\t\t\t\t\t\t\t\t\t\t\t<\/span>\n\t\t\t\t\t\t\t\t\t\t\t\t<a class=\"elementor-accordion-title\" href=\"\">14. Disfruta de la gastronom\u00eda<\/a>\n\t\t\t\t\t<\/div>\n\t\t\t\t\t<div id=\"elementor-tab-content-78014\" class=\"elementor-tab-content elementor-clearfix\" data-tab=\"14\" role=\"tabpanel\" aria-labelledby=\"elementor-tab-title-78014\"><p align=\"JUSTIFY\"><span style=\"color: #000000;\"><span style=\"font-family: Raleway, serif;\">Una de las cosas imprescindibles de la isla es ponerte las botas comiendo marisco. Unos mejillones, un pulpo \u00e1 illa (una versi\u00f3n del pulpo \u00e1 feira propiamente isle\u00f1a) y un vino de la zona son un acierto seguro. <\/span><\/span><\/p><p align=\"JUSTIFY\"><span style=\"color: #000000;\"><span style=\"font-family: Raleway, serif;\">Si quieres disfrutar de una buena comida desde la comidad de tu van ve al mercado de abastos y <\/span><\/span><span style=\"color: #000000;\"><span style=\"font-family: Raleway, serif;\"><b>compra productos locales y de proximidad<\/b><\/span><\/span><span style=\"color: #000000;\"><span style=\"font-family: Raleway, serif;\">. La <\/span><\/span><span style=\"color: #000000;\"><span style=\"font-family: Raleway, serif;\"><b>Plaza de Abastos<\/b><\/span><\/span><span style=\"color: #000000;\"><span style=\"font-family: Raleway, serif;\"> de la Isla de Arosa est\u00e1 situada en la calle de Castelao, y <\/span><\/span><span style=\"color: #000000;\"><span style=\"font-family: Raleway, serif;\"><b>es un sitio perfecto para hacerte con productos frescos y de calidad<\/b><\/span><\/span><span style=\"color: #000000;\"><span style=\"font-family: Raleway, serif;\">. <\/span><\/span> <\/p><p align=\"JUSTIFY\"><span style=\"color: #000000;\"><span style=\"font-family: Raleway, serif;\"> <\/span><\/span><\/p><\/div>\n\t\t\t\t<\/div>\n\t\t\t\t\t\t\t<div class=\"elementor-accordion-item\">\n\t\t\t\t\t<div id=\"elementor-tab-title-78015\" class=\"elementor-tab-title\" data-tab=\"15\" role=\"tab\" aria-controls=\"elementor-tab-content-78015\" aria-expanded=\"false\">\n\t\t\t\t\t\t\t\t\t\t\t\t\t<span class=\"elementor-accordion-icon elementor-accordion-icon-left\" aria-hidden=\"true\">\n\t\t\t\t\t\t\t\t\t\t\t\t\t\t\t<span class=\"elementor-accordion-icon-closed\"><i class=\"fas fa-plus\"><\/i><\/span>\n\t\t\t\t\t\t\t\t<span class=\"elementor-accordion-icon-opened\"><i class=\"fas fa-minus\"><\/i><\/span>\n\t\t\t\t\t\t\t\t\t\t\t\t\t\t<\/span>\n\t\t\t\t\t\t\t\t\t\t\t\t<a class=\"elementor-accordion-title\" href=\"\">15. Pi\u00e9rdete en el Parque Natural de O Carreir\u00f3n<\/a>\n\t\t\t\t\t<\/div>\n\t\t\t\t\t<div id=\"elementor-tab-content-78015\" class=\"elementor-tab-content elementor-clearfix\" data-tab=\"15\" role=\"tabpanel\" aria-labelledby=\"elementor-tab-title-78015\"><p align=\"JUSTIFY\"><span style=\"color: #000000;\"><span style=\"font-family: Raleway, serif;\">Llegamos al final de la lista con, para nosotros, el mejor de los planes: El parque de O Carreir\u00f3n. La belleza de sus paisajes te dejar\u00e1 impresionado. <\/span><\/span><\/p><p align=\"JUSTIFY\"><span style=\"color: #000000;\"><span style=\"font-family: Raleway, serif;\">El Parque Natural de O Carreir\u00f3n es una pen\u00ednsula que <\/span><\/span><span style=\"color: #000000;\"><span style=\"font-family: Raleway, serif;\"><b>est\u00e1 unida a la isla por el t\u00f3mbolo de As Salinas, situadas al sur de la isla<\/b><\/span><\/span><span style=\"color: #000000;\"><span style=\"font-family: Raleway, serif;\">. Su extensi\u00f3n es de 1,3 km\u00b2, pero<\/span><\/span> <span style=\"color: #000000;\"><span style=\"font-family: Raleway, serif;\"><b> tiene un mont\u00f3n de rincones<\/b><\/span><\/span><span style=\"color: #000000;\"><span style=\"font-family: Raleway, serif;\"> que estamos seguros de que te encantar\u00e1n.<\/span><\/span><\/p><p align=\"JUSTIFY\"><span style=\"color: #000000;\"><span style=\"font-family: Raleway, serif;\">Es un \u00e1rea protegida y pertenece al \u00abComplejo Intermareal Umia-O Grove, <\/span><\/span><a href=\"https:\/\/www.miniontour.es\/buscando-brujas-en-la-playa-de-a-lanzada-y-alrededores\/\"><span style=\"color: #000000;\"><span style=\"font-family: Raleway, serif;\"><b>A Lanzada<\/b><\/span><\/span><\/a><span style=\"color: #000000;\"><span style=\"font-family: Raleway, serif;\">, Punta Carreir\u00f3n y Lagoa Bodeira\u00bb y <\/span><\/span><span style=\"color: #000000;\"><span style=\"font-family: Raleway, serif;\"><b>cuenta con varias categor\u00edas de protecci\u00f3n<\/b><\/span><\/span><span style=\"color: #000000;\"><span style=\"font-family: Raleway, serif;\"> como la Red Natura 2000, humedal protegido, LIC, Zona RAMSAR y Zona Especial de Protecci\u00f3n de Aves.<\/span><\/span><\/p><p align=\"JUSTIFY\"><span style=\"color: #000000;\"><span style=\"font-family: Raleway, serif;\">En \u00e9l <\/span><\/span><span style=\"color: #000000;\"><span style=\"font-family: Raleway, serif;\"><b>podemos encontrar varios ecosistemas de roquedos, lagunas, marismas, pinares y dunas<\/b><\/span><\/span><span style=\"color: #000000;\"><span style=\"font-family: Raleway, serif;\">. Y tambi\u00e9n es el sitio ideal para observar aves. <\/span><\/span><\/p><p align=\"JUSTIFY\"><span style=\"color: #000000;\"><span style=\"font-family: Raleway, serif;\">Sus<\/span><\/span><span style=\"color: #000000;\"><span style=\"font-family: Raleway, serif;\"> dunas, la laguna, playas v\u00edrgenes y la naturaleza de esta zona <\/span><\/span><span style=\"color: #000000;\"><span style=\"font-family: Raleway, serif;\"><b>lo convierten en un imprescindible que ver en la Isla de Arosa<\/b><\/span><\/span><span style=\"color: #000000;\"><span style=\"font-family: Raleway, serif;\">  . Esta maravilla natural es un remanso de paz en una isla que cada vez tiene m\u00e1s turismo.<\/span><\/span><\/p><\/div>\n\t\t\t\t<\/div>\n\t\t\t\t\t\t\t\t<\/div>\n\t\t\t\t<\/div>\n\t\t\t\t<\/div>\n\t\t\t\t\t<\/div>\n\t\t<\/div>\n\t\t\t\t\t\t\t<\/div>\n\t\t<\/section>\n\t\t\t\t<section class=\"elementor-section elementor-top-section elementor-element elementor-element-b0da8bb elementor-section-boxed elementor-section-height-default elementor-section-height-default\" data-id=\"b0da8bb\" data-element_type=\"section\">\n\t\t\t\t\t\t<div class=\"elementor-container elementor-column-gap-default\">\n\t\t\t\t\t<div class=\"elementor-column elementor-col-100 elementor-top-column elementor-element elementor-element-ae413af\" data-id=\"ae413af\" data-element_type=\"column\">\n\t\t\t<div class=\"elementor-widget-wrap elementor-element-populated\">\n\t\t\t\t\t\t\t\t<div class=\"elementor-element elementor-element-99ffeaf elementor-widget elementor-widget-heading\" data-id=\"99ffeaf\" data-element_type=\"widget\" data-widget_type=\"heading.default\">\n\t\t\t\t<div class=\"elementor-widget-container\">\n\t\t\t<style>\/*! elementor - v3.12.1 - 02-04-2023 *\/\n.elementor-heading-title{padding:0;margin:0;line-height:1}.elementor-widget-heading .elementor-heading-title[class*=elementor-size-]>a{color:inherit;font-size:inherit;line-height:inherit}.elementor-widget-heading .elementor-heading-title.elementor-size-small{font-size:15px}.elementor-widget-heading .elementor-heading-title.elementor-size-medium{font-size:19px}.elementor-widget-heading .elementor-heading-title.elementor-size-large{font-size:29px}.elementor-widget-heading .elementor-heading-title.elementor-size-xl{font-size:39px}.elementor-widget-heading .elementor-heading-title.elementor-size-xxl{font-size:59px}<\/style><div class=\"elementor-heading-title elementor-size-default\">Respeta la Isla<\/div>\t\t<\/div>\n\t\t\t\t<\/div>\n\t\t\t\t\t<\/div>\n\t\t<\/div>\n\t\t\t\t\t\t\t<\/div>\n\t\t<\/section>\n\t\t\t\t<section class=\"elementor-section elementor-top-section elementor-element elementor-element-ec00ed4 elementor-section-full_width elementor-section-height-default elementor-section-height-default\" data-id=\"ec00ed4\" data-element_type=\"section\" data-settings=\"{&quot;background_background&quot;:&quot;gradient&quot;}\">\n\t\t\t\t\t\t<div class=\"elementor-container elementor-column-gap-no\">\n\t\t\t\t\t<div class=\"elementor-column elementor-col-100 elementor-top-column elementor-element elementor-element-5e7543e\" data-id=\"5e7543e\" data-element_type=\"column\">\n\t\t\t<div class=\"elementor-widget-wrap elementor-element-populated\">\n\t\t\t\t\t\t\t\t<div class=\"elementor-element elementor-element-05204ec elementor-widget elementor-widget-text-editor\" data-id=\"05204ec\" data-element_type=\"widget\" data-widget_type=\"text-editor.default\">\n\t\t\t\t<div class=\"elementor-widget-container\">\n\t\t\t\t\t\t\t<p align=\"JUSTIFY\"><span style=\"color: #000000;\"><span style=\"font-family: Raleway, serif;\">Ahora que ya te hemos contado nuestros tips de la isla te pedimos una cosa: resp\u00e9tala ante todo y recuerda:<\/span><\/span><\/p><ul><li><span style=\"color: #000000;\"><span style=\"font-family: Raleway, serif;\"><b>No tires tu basura por ah\u00ed<\/b><\/span><\/span><span style=\"color: #000000;\"><span style=\"font-family: Raleway, serif;\">  . Ver\u00e1s que en los espacios protegidos no hay papeleras, esto significa que puedas dejar la basura por ah\u00ed. Tirala en contenedores cuando llegues a zona civilizada.<\/span><\/span><\/li><li><span style=\"color: #000000;\"><span style=\"font-family: Raleway, serif;\"><b>Respeta a las plantas y los animales<\/b><\/span><\/span><span style=\"color: #000000;\"><span style=\"font-family: Raleway, serif;\">. Recuerda que est\u00e1s visitando su casa, as\u00ed que <\/span><\/span><span style=\"color: #000000;\"><span style=\"font-family: Raleway, serif;\"><b>comp\u00f3rtate como un buen invitado.<\/b><\/span><\/span><\/li><li><span style=\"color: #000000;\"><span style=\"font-family: Raleway, serif;\"><b>No hagas ruido<\/b><\/span><\/span><span style=\"color: #000000;\"><span style=\"font-family: Raleway, serif;\">, podr\u00eda molestar a la fauna de la zona. No uses altavoces.<\/span><\/span><\/li><li><span style=\"color: #000000;\"><span style=\"font-family: Raleway, serif;\"><b>No enciendas hogueras, ni tires colillas encendidas al suelo<\/b><\/span><\/span><span style=\"color: #000000;\"><span style=\"font-family: Raleway, serif;\">  . El fuego podr\u00eda destrozar este para\u00edso.<\/span><\/span><\/li><li><span style=\"color: #000000;\"><span style=\"font-family: Raleway, serif;\"><b>No acampes por libre<\/b><\/span><\/span><span style=\"color: #000000;\"><span style=\"font-family: Raleway, serif;\">. Solo debes hacerlo en las zonas habilitadas para ello.<\/span><\/span><\/li><li><span style=\"color: #000000;\"><span style=\"font-family: Raleway, serif;\"><b>No uses el coche fuera de los caminos<\/b><\/span><\/span><span style=\"color: #000000;\"><span style=\"font-family: Raleway, serif;\">.<\/span><\/span><\/li><li><span style=\"color: #000000;\"><span style=\"font-family: Raleway, serif;\"><b>No camines fuera de los caminos habilitados<\/b><\/span><\/span><span style=\"color: #000000;\"><span style=\"font-family: Raleway, serif;\">. Ver\u00e1s que en el Parque Natural de O Carreir\u00f3n hay varios caminitos para que puedas conocerlo, si te sales de ellos podr\u00edas estar da\u00f1ando la vegetaci\u00f3n.<\/span><\/span><\/li><\/ul>\t\t\t\t\t\t<\/div>\n\t\t\t\t<\/div>\n\t\t\t\t\t<\/div>\n\t\t<\/div>\n\t\t\t\t\t\t\t<\/div>\n\t\t<\/section>\n\t\t\t\t<section class=\"elementor-section elementor-top-section elementor-element elementor-element-549f29e elementor-section-boxed elementor-section-height-default elementor-section-height-default\" data-id=\"549f29e\" data-element_type=\"section\">\n\t\t\t\t\t\t<div class=\"elementor-container elementor-column-gap-default\">\n\t\t\t\t\t<div class=\"elementor-column elementor-col-100 elementor-top-column elementor-element elementor-element-5404d3d\" data-id=\"5404d3d\" data-element_type=\"column\">\n\t\t\t<div class=\"elementor-widget-wrap elementor-element-populated\">\n\t\t\t\t\t\t\t\t<div class=\"elementor-element elementor-element-387e768 elementor-widget elementor-widget-heading\" data-id=\"387e768\" data-element_type=\"widget\" data-widget_type=\"heading.default\">\n\t\t\t\t<div class=\"elementor-widget-container\">\n\t\t\t<div class=\"elementor-heading-title elementor-size-default\">Donde pernoctar en A Illa de Arousa<\/div>\t\t<\/div>\n\t\t\t\t<\/div>\n\t\t\t\t\t<\/div>\n\t\t<\/div>\n\t\t\t\t\t\t\t<\/div>\n\t\t<\/section>\n\t\t\t\t<section class=\"elementor-section elementor-top-section elementor-element elementor-element-6820746 elementor-section-full_width elementor-section-height-default elementor-section-height-default\" data-id=\"6820746\" data-element_type=\"section\" data-settings=\"{&quot;background_background&quot;:&quot;gradient&quot;}\">\n\t\t\t\t\t\t<div class=\"elementor-container elementor-column-gap-no\">\n\t\t\t\t\t<div class=\"elementor-column elementor-col-100 elementor-top-column elementor-element elementor-element-fb0e666\" data-id=\"fb0e666\" data-element_type=\"column\">\n\t\t\t<div class=\"elementor-widget-wrap elementor-element-populated\">\n\t\t\t\t\t\t\t\t<div class=\"elementor-element elementor-element-46a712f elementor-widget elementor-widget-text-editor\" data-id=\"46a712f\" data-element_type=\"widget\" data-widget_type=\"text-editor.default\">\n\t\t\t\t<div class=\"elementor-widget-container\">\n\t\t\t\t\t\t\t<p><span style=\"color: #000000;\"><span style=\"font-family: Raleway, serif;\">Una muy buena opci\u00f3n es pasar la noche cerca del <\/span><\/span><span style=\"color: #000000;\"><span style=\"font-family: Raleway, serif;\"><b>puerto de Xufre<\/b><\/span><\/span><span style=\"color: #000000;\"><span style=\"font-family: Raleway, serif;\">, pero hay otras muchas opciones para autocaravanistas. <\/span><\/span> <\/p><p><span style=\"color: #000000;\"><span style=\"font-family: Raleway, serif;\">Otra opci\u00f3n es hacerlo junto al <\/span><\/span><span style=\"color: #000000;\"><span style=\"font-family: Raleway, serif;\"><b>puerto deportivo<\/b><\/span><\/span><span style=\"color: #000000;\"><span style=\"font-family: Raleway, serif;\">. En \u00e9l hay una gran explanada donde se puede pernoctar<\/span><\/span><\/p><p><span style=\"color: #000000;\"><span style=\"font-family: Raleway, serif;\">Y una buena opci\u00f3n, sobre todo si viajas con ni\u00f1os es la <\/span><\/span><span style=\"color: #000000;\"><span style=\"font-family: Raleway, serif;\"><b>Playa de O Bao<\/b><\/span><\/span><span style=\"color: #000000;\"><span style=\"font-family: Raleway, serif;\">. Tiene un amplio aparcamiento pegado a la playa y un enorme parque infantil. A lo largo de sus 700 metros una pasarela de madera posibilita tambi\u00e9n el paseo, y tiene carril bici, que recorre unos 9 km en toda la isla.<\/span><\/span><\/p>\t\t\t\t\t\t<\/div>\n\t\t\t\t<\/div>\n\t\t\t\t\t<\/div>\n\t\t<\/div>\n\t\t\t\t\t\t\t<\/div>\n\t\t<\/section>\n\t\t\t\t\t\t\t<\/div>\n\t\t","protected":false},"excerpt":{"rendered":"<p>Hoy os mostramos algunos de los imprescindibles de la Isla de Arousa. Una isla con mucho encanto y mucho que ver.<\/p>\n","protected":false},"author":1,"featured_media":2546,"comment_status":"open","ping_status":"open","sticky":false,"template":"","format":"standard","meta":[],"categories":[167],"tags":[],"yoast_head":"<!-- This site is optimized with the Yoast SEO plugin v20.5 - https:\/\/yoast.com\/wordpress\/plugins\/seo\/ -->\n<title>15 coisas para ver na ilha de Arousa - Green Way Van<\/title>\n<meta name=\"robots\" content=\"index, follow, max-snippet:-1, max-image-preview:large, max-video-preview:-1\" \/>\n<link rel=\"canonical\" href=\"https:\/\/greenwayvan.net\/pt-pt\/15-coisas-para-ver-na-ilha-de-arousa\/\" \/>\n<meta property=\"og:locale\" content=\"pt_PT\" \/>\n<meta property=\"og:type\" content=\"article\" \/>\n<meta property=\"og:title\" content=\"15 coisas para ver na ilha de Arousa - Green Way Van\" \/>\n<meta property=\"og:description\" content=\"Hoy os mostramos algunos de los imprescindibles de la Isla de Arousa. Una isla con mucho encanto y mucho que ver.\" \/>\n<meta property=\"og:url\" content=\"https:\/\/greenwayvan.net\/pt-pt\/15-coisas-para-ver-na-ilha-de-arousa\/\" \/>\n<meta property=\"og:site_name\" content=\"Green Way Van\" \/>\n<meta property=\"article:published_time\" content=\"2026-01-12T14:16:00+00:00\" \/>\n<meta property=\"article:modified_time\" content=\"2022-07-26T08:54:59+00:00\" \/>\n<meta property=\"og:image\" content=\"https:\/\/greenwayvan.net\/wp-content\/uploads\/2019\/08\/arosa.jpg\" \/>\n\t<meta property=\"og:image:width\" content=\"1000\" \/>\n\t<meta property=\"og:image:height\" content=\"625\" \/>\n\t<meta property=\"og:image:type\" content=\"image\/jpeg\" \/>\n<meta name=\"author\" content=\"Green Way Van\" \/>\n<meta name=\"twitter:card\" content=\"summary_large_image\" \/>\n<meta name=\"twitter:label1\" content=\"Escrito por\" \/>\n\t<meta name=\"twitter:data1\" content=\"Green Way Van\" \/>\n\t<meta name=\"twitter:label2\" content=\"Tempo estimado de leitura\" \/>\n\t<meta name=\"twitter:data2\" content=\"10 minutos\" \/>\n<script type=\"application\/ld+json\" class=\"yoast-schema-graph\">{\"@context\":\"https:\/\/schema.org\",\"@graph\":[{\"@type\":\"WebPage\",\"@id\":\"https:\/\/greenwayvan.net\/pt-pt\/15-coisas-para-ver-na-ilha-de-arousa\/\",\"url\":\"https:\/\/greenwayvan.net\/pt-pt\/15-coisas-para-ver-na-ilha-de-arousa\/\",\"name\":\"15 coisas para ver na ilha de Arousa - Green Way Van\",\"isPartOf\":{\"@id\":\"https:\/\/greenwayvan.net\/pt-pt\/#website\"},\"datePublished\":\"2026-01-12T14:16:00+00:00\",\"dateModified\":\"2022-07-26T08:54:59+00:00\",\"author\":{\"@id\":\"https:\/\/greenwayvan.net\/pt-pt\/#\/schema\/person\/77a66b591723b2d6bf522ee6f60defba\"},\"breadcrumb\":{\"@id\":\"https:\/\/greenwayvan.net\/pt-pt\/15-coisas-para-ver-na-ilha-de-arousa\/#breadcrumb\"},\"inLanguage\":\"pt-PT\",\"potentialAction\":[{\"@type\":\"ReadAction\",\"target\":[\"https:\/\/greenwayvan.net\/pt-pt\/15-coisas-para-ver-na-ilha-de-arousa\/\"]}]},{\"@type\":\"BreadcrumbList\",\"@id\":\"https:\/\/greenwayvan.net\/pt-pt\/15-coisas-para-ver-na-ilha-de-arousa\/#breadcrumb\",\"itemListElement\":[{\"@type\":\"ListItem\",\"position\":1,\"name\":\"Portada\",\"item\":\"https:\/\/greenwayvan.net\/pt-pt\/\"},{\"@type\":\"ListItem\",\"position\":2,\"name\":\"15 coisas para ver na ilha de Arousa\"}]},{\"@type\":\"WebSite\",\"@id\":\"https:\/\/greenwayvan.net\/pt-pt\/#website\",\"url\":\"https:\/\/greenwayvan.net\/pt-pt\/\",\"name\":\"Green Way Van\",\"description\":\"Alquiler de autocaravanas en Vigo. Vive tu propia aventura en una autocaravana nueva y s\u00faper equipada. Seguro a todo riesgo incluido en el precio.\",\"potentialAction\":[{\"@type\":\"SearchAction\",\"target\":{\"@type\":\"EntryPoint\",\"urlTemplate\":\"https:\/\/greenwayvan.net\/pt-pt\/?s={search_term_string}\"},\"query-input\":\"required name=search_term_string\"}],\"inLanguage\":\"pt-PT\"},{\"@type\":\"Person\",\"@id\":\"https:\/\/greenwayvan.net\/pt-pt\/#\/schema\/person\/77a66b591723b2d6bf522ee6f60defba\",\"name\":\"Green Way Van\",\"image\":{\"@type\":\"ImageObject\",\"inLanguage\":\"pt-PT\",\"@id\":\"https:\/\/greenwayvan.net\/pt-pt\/#\/schema\/person\/image\/\",\"url\":\"https:\/\/secure.gravatar.com\/avatar\/b3d744b0d89f8f5aab4d3333068127b3?s=96&d=mm&r=g\",\"contentUrl\":\"https:\/\/secure.gravatar.com\/avatar\/b3d744b0d89f8f5aab4d3333068127b3?s=96&d=mm&r=g\",\"caption\":\"Green Way Van\"},\"sameAs\":[\"https:\/\/greenwayvan.net\"],\"url\":\"https:\/\/greenwayvan.net\/pt-pt\/author\/admin_gwv\/\"}]}<\/script>\n<!-- \/ Yoast SEO plugin. -->","yoast_head_json":{"title":"15 coisas para ver na ilha de Arousa - Green Way Van","robots":{"index":"index","follow":"follow","max-snippet":"max-snippet:-1","max-image-preview":"max-image-preview:large","max-video-preview":"max-video-preview:-1"},"canonical":"https:\/\/greenwayvan.net\/pt-pt\/15-coisas-para-ver-na-ilha-de-arousa\/","og_locale":"pt_PT","og_type":"article","og_title":"15 coisas para ver na ilha de Arousa - Green Way Van","og_description":"Hoy os mostramos algunos de los imprescindibles de la Isla de Arousa. Una isla con mucho encanto y mucho que ver.","og_url":"https:\/\/greenwayvan.net\/pt-pt\/15-coisas-para-ver-na-ilha-de-arousa\/","og_site_name":"Green Way Van","article_published_time":"2026-01-12T14:16:00+00:00","article_modified_time":"2022-07-26T08:54:59+00:00","og_image":[{"width":1000,"height":625,"url":"https:\/\/greenwayvan.net\/wp-content\/uploads\/2019\/08\/arosa.jpg","type":"image\/jpeg"}],"author":"Green Way Van","twitter_card":"summary_large_image","twitter_misc":{"Escrito por":"Green Way Van","Tempo estimado de leitura":"10 minutos"},"schema":{"@context":"https:\/\/schema.org","@graph":[{"@type":"WebPage","@id":"https:\/\/greenwayvan.net\/pt-pt\/15-coisas-para-ver-na-ilha-de-arousa\/","url":"https:\/\/greenwayvan.net\/pt-pt\/15-coisas-para-ver-na-ilha-de-arousa\/","name":"15 coisas para ver na ilha de Arousa - Green Way Van","isPartOf":{"@id":"https:\/\/greenwayvan.net\/pt-pt\/#website"},"datePublished":"2026-01-12T14:16:00+00:00","dateModified":"2022-07-26T08:54:59+00:00","author":{"@id":"https:\/\/greenwayvan.net\/pt-pt\/#\/schema\/person\/77a66b591723b2d6bf522ee6f60defba"},"breadcrumb":{"@id":"https:\/\/greenwayvan.net\/pt-pt\/15-coisas-para-ver-na-ilha-de-arousa\/#breadcrumb"},"inLanguage":"pt-PT","potentialAction":[{"@type":"ReadAction","target":["https:\/\/greenwayvan.net\/pt-pt\/15-coisas-para-ver-na-ilha-de-arousa\/"]}]},{"@type":"BreadcrumbList","@id":"https:\/\/greenwayvan.net\/pt-pt\/15-coisas-para-ver-na-ilha-de-arousa\/#breadcrumb","itemListElement":[{"@type":"ListItem","position":1,"name":"Portada","item":"https:\/\/greenwayvan.net\/pt-pt\/"},{"@type":"ListItem","position":2,"name":"15 coisas para ver na ilha de Arousa"}]},{"@type":"WebSite","@id":"https:\/\/greenwayvan.net\/pt-pt\/#website","url":"https:\/\/greenwayvan.net\/pt-pt\/","name":"Green Way Van","description":"Alquiler de autocaravanas en Vigo. Vive tu propia aventura en una autocaravana nueva y s\u00faper equipada. Seguro a todo riesgo incluido en el precio.","potentialAction":[{"@type":"SearchAction","target":{"@type":"EntryPoint","urlTemplate":"https:\/\/greenwayvan.net\/pt-pt\/?s={search_term_string}"},"query-input":"required name=search_term_string"}],"inLanguage":"pt-PT"},{"@type":"Person","@id":"https:\/\/greenwayvan.net\/pt-pt\/#\/schema\/person\/77a66b591723b2d6bf522ee6f60defba","name":"Green Way Van","image":{"@type":"ImageObject","inLanguage":"pt-PT","@id":"https:\/\/greenwayvan.net\/pt-pt\/#\/schema\/person\/image\/","url":"https:\/\/secure.gravatar.com\/avatar\/b3d744b0d89f8f5aab4d3333068127b3?s=96&d=mm&r=g","contentUrl":"https:\/\/secure.gravatar.com\/avatar\/b3d744b0d89f8f5aab4d3333068127b3?s=96&d=mm&r=g","caption":"Green Way Van"},"sameAs":["https:\/\/greenwayvan.net"],"url":"https:\/\/greenwayvan.net\/pt-pt\/author\/admin_gwv\/"}]}},"jetpack_featured_media_url":"https:\/\/greenwayvan.net\/wp-content\/uploads\/2019\/08\/arosa.jpg","_links":{"self":[{"href":"https:\/\/greenwayvan.net\/pt-pt\/wp-json\/wp\/v2\/posts\/2637"}],"collection":[{"href":"https:\/\/greenwayvan.net\/pt-pt\/wp-json\/wp\/v2\/posts"}],"about":[{"href":"https:\/\/greenwayvan.net\/pt-pt\/wp-json\/wp\/v2\/types\/post"}],"author":[{"embeddable":true,"href":"https:\/\/greenwayvan.net\/pt-pt\/wp-json\/wp\/v2\/users\/1"}],"replies":[{"embeddable":true,"href":"https:\/\/greenwayvan.net\/pt-pt\/wp-json\/wp\/v2\/comments?post=2637"}],"version-history":[{"count":4,"href":"https:\/\/greenwayvan.net\/pt-pt\/wp-json\/wp\/v2\/posts\/2637\/revisions"}],"predecessor-version":[{"id":2657,"href":"https:\/\/greenwayvan.net\/pt-pt\/wp-json\/wp\/v2\/posts\/2637\/revisions\/2657"}],"wp:featuredmedia":[{"embeddable":true,"href":"https:\/\/greenwayvan.net\/pt-pt\/wp-json\/wp\/v2\/media\/2546"}],"wp:attachment":[{"href":"https:\/\/greenwayvan.net\/pt-pt\/wp-json\/wp\/v2\/media?parent=2637"}],"wp:term":[{"taxonomy":"category","embeddable":true,"href":"https:\/\/greenwayvan.net\/pt-pt\/wp-json\/wp\/v2\/categories?post=2637"},{"taxonomy":"post_tag","embeddable":true,"href":"https:\/\/greenwayvan.net\/pt-pt\/wp-json\/wp\/v2\/tags?post=2637"}],"curies":[{"name":"wp","href":"https:\/\/api.w.org\/{rel}","templated":true}]}}